{"id":1538,"date":"2017-04-10T13:55:00","date_gmt":"2017-04-10T11:55:00","guid":{"rendered":"https:\/\/troyanforge.com\/?p=1538"},"modified":"2025-03-19T14:09:47","modified_gmt":"2025-03-19T13:09:47","slug":"17-avril-2017-marcel-ximenes-de-rozz","status":"publish","type":"post","link":"https:\/\/troyanforge.com\/index.php\/2017\/04\/10\/17-avril-2017-marcel-ximenes-de-rozz\/","title":{"rendered":"17 avril 2017 &#8211; Marcel XIMENES de ROZZ"},"content":{"rendered":"<div class=\"wp-block-image\">\n<figure class=\"alignleft size-full is-resized\"><img loading=\"lazy\" decoding=\"async\" width=\"679\" height=\"960\" src=\"http:\/\/troyanforge.com\/wp-content\/uploads\/2024\/08\/affiche-lunafest-maubeuge.jpg\" alt=\"affiche lunafest maubeuge\" class=\"wp-image-198\" style=\"width:324px;height:auto\" srcset=\"https:\/\/troyanforge.com\/wp-content\/uploads\/2024\/08\/affiche-lunafest-maubeuge.jpg 679w, https:\/\/troyanforge.com\/wp-content\/uploads\/2024\/08\/affiche-lunafest-maubeuge-212x300.jpg 212w, https:\/\/troyanforge.com\/wp-content\/uploads\/2024\/08\/affiche-lunafest-maubeuge-283x400.jpg 283w\" sizes=\"auto, (max-width: 679px) 100vw, 679px\" \/><\/figure>\n<\/div>\n\n\n<p><br><em>Bonjour Marcel, nous sommes \u00e0 une semaine du LUNA FEST \u2026 peux tu nous pr\u00e9senter cet \u00e9v\u00e8nement ? Son cadre ? Quelle est la g\u00e9n\u00e8se de ce festival ? S&#8217;inscrit-il dans la lign\u00e9e du Nord Festival de 2010 ?<\/em><br><br>Bonjour. Le HARD ROCK LUNA FEST est un festival en salle d&#8217;une journ\u00e9e (samedi 22 avril), d\u00e9di\u00e9 aux genres Hard Rock et Heavy Metal. \u00c7a faisait longtemps que j&#8217;avais envie de monter ce type de manifestation et comme ROZZ avait besoin d&#8217;images et de son live pr\u00e9sentant le Line up actuel, j&#8217;ai effectivement reconduit l&#8217;id\u00e9e de joindre l&#8217;utile \u00e0 l&#8217;agr\u00e9able en montant une affiche internationale autour de ROZZ.<\/p>\n\n\n\n<p>L&#8217; universit\u00e9 de Valenciennes et sa section audio-visuel m&#8217;a renouvel\u00e9 sa confiance et apport\u00e9 son aide gr\u00e2ce \u00e0 un groupe d&#8217;\u00e9tudiants motiv\u00e9s autour de Christophe, notre ing\u00e9nieur du son.<\/p>\n\n\n\n<p>Je cherchais une belle salle adapt\u00e9e \u00e0 ce projet quand j&#8217;ai \u00e0 la fois d\u00e9couvert la splendide LUNA de Maubeuge et rencontr\u00e9, le m\u00eame jour, une \u00e9lue de la ville qui a imm\u00e9diatement adh\u00e9r\u00e9 \u00e0 mon projet.<br><br><em>Tu organises donc le festival dans une salle de concert de belle taille, dont les dimensions sont h\u00e9las devenu rare pour des concerts de Metal en France, on retrouve les exigences techniques dont nous avions d\u00e9j\u00e0 parl\u00e9 lors d&#8217;une pr\u00e9c\u00e9dente interview. Ce type d&#8217;\u00e9v\u00e8nement fait habituellement l&#8217;objet d&#8217;une promotion de long mois \u00e0 l&#8217;avance, parfois sans m\u00eame que l&#8217;affiche soit fix\u00e9e, pourquoi cette promotion relativement tardive ?<\/em><\/p>\n\n\n\n<p>Parce que rien n&#8217;est simple, surtout par ces temps de folie meurtri\u00e8re et d&#8217;ins\u00e9curit\u00e9 qui obligent les autorit\u00e9s et les organisateurs \u00e0 respecter des cahiers des charges extr\u00eamement lourds et que tout cela prend du temps. Le tout conjugu\u00e9 avec la volont\u00e9 de ne pas entrer en conflit de date avec un autre \u00e9v\u00e9nement du m\u00eame type dans la r\u00e9gion ou en Belgique.<\/p>\n\n\n\n<p><em>CAGE, BONFIRE, <a href=\"https:\/\/troyanforge.com\/index.php\/2024\/11\/15\/ocean\/\" data-type=\"post\" data-id=\"860\">OCEAN<\/a>, \u2026 le moins qu&#8217;on puisse dire est que ROZZ sera bien entour\u00e9. Lorsque certains groupes s&#8217;attachent \u00e0 s&#8217;entourer de simple \u00ab faire valoir \u00bb (en tout cas \u00e0 leurs yeux) pour se faire reluire l&#8217;Ego, tu as fait appel \u00e0 des groupes de premier plan \u2026 comment s&#8217;est op\u00e9r\u00e9 le choix de ces groupes ?<\/em><br><br>D\u00e9j\u00e0,\u00a0 ROZZ sort rarement en France et par cons\u00e9quent,\u00a0 nous n&#8217;avions pas envie de le faire sans nous amuser et nous faire plaisir.<\/p>\n\n\n\n<p>Nous avions rencontr\u00e9 BONFIRE en Espagne au printemps dernier \u00e0 l&#8217;occasion de concerts de la tourn\u00e9e de leur 30\u00e8me anniversaire o\u00f9 nous avons assur\u00e9 leur premi\u00e8re partie. Nous les avons naturellement contact\u00e9s les premiers puisque nous savions que leur nouvel album sortait peu de temps avant le festival.<\/p>\n\n\n\n<p>J&#8217;avais envie \u00e9galement de jouer avec <a href=\"https:\/\/troyanforge.com\/index.php\/2024\/11\/15\/ocean\/\" data-type=\"post\" data-id=\"860\">OCEAN<\/a>, et ayant contact\u00e9 <a href=\"https:\/\/troyanforge.com\/index.php\/2024\/11\/15\/georges-bodossian\/\" data-type=\"post\" data-id=\"857\">Georges<\/a> une premi\u00e8re fois pour un projet auquel il n&#8217;avait pu participer lors de l&#8217;enregistrement du titre &#8220;unis&#8221; sur notre album &#8220;tranches de vie&#8221;, je l&#8217;ai de suite contact\u00e9 et il a accept\u00e9 de joindre OCEAN \u00e0 la f\u00eate.<\/p>\n\n\n\n<p>CAGE \u00e9tait en tourn\u00e9e et \u00e9tait une opportunit\u00e9 pour notre festival.<\/p>\n\n\n\n<p>SEVEN THIRTY et VOLTRAGE, tous deux tr\u00e8s bons ont accept\u00e9 imm\u00e9diatement de compl\u00e9ter cette affiche dont nous sommes tr\u00e8s fiers.<br><br><em>Les premi\u00e8res annonces du LUNA FEST ont donn\u00e9 lieu de la part de certaines personnes \u00e0 un v\u00e9ritable \u00ab Marcel bashing \u00bb, certains allant jusqu&#8217;\u00e0 envoyer des messages priv\u00e9s pour nous mettre en garde contre le dangereux barbu ! Quel est ton secret pour obtenir des Haters d&#8217;une telle qualit\u00e9 ?<\/em><br><br>Ah! \u00c7\u00e0 c&#8217;est ma grande specialit\u00e9. Je n&#8217;ai vraiment le temps de me demander pourquoi mais je crois que le fait que j&#8217;aime monter des projets ambitieux, que j&#8217;y crois tellement fort que je motive facilement mes interlocuteurs, que ROZZ est quand m\u00eame un gage de r\u00e9ussite et de t\u00e9nacit\u00e9,&nbsp; font que j&#8217;emm\u00e8ne avec moi beaucoup de personnes dans mes aventures. Certaines aboutissent, d&#8217;autres non ce qui cr\u00e9e des d\u00e9\u00e7us.<\/p>\n\n\n\n<p>Certaines r\u00e9ussissent mais sans tous ceux qui y ont particip\u00e9, parce que la vie est ainsi faite et que certains choix sont douloureux ou que tout le monde ne poss\u00e8de pas les comp\u00e9tences requises, et \u00e7\u00e0 cr\u00e9e des aigris voire des ennemis.<\/p>\n\n\n\n<p>Heureusement beaucoup le comprennent avec le temps et nos relations reprennent, d&#8217;autres restent haineux et je m&#8217;en fous une fois que je pense avoir fait les bons choix et \u00eatre rest\u00e9 humain.<br><br><em>Le concert sera l&#8217;objet d&#8217;une captation vid\u00e9o, peut on attendre \u00e0 des surprises lors du concert de ROZZ ? Peux tu nous parler de la formation actuelle ?<\/em><\/p>\n\n\n\n<p>Il y a l\u00e0 un lien direct avec la pr\u00e9c\u00e9dente question puisque deux des membres actuels de ROZZ, \u00e0 savoir Olive (Olivier BOURGOIS) au chant et Stef (Stephane MOULIN) \u00e0 la batterie ont d\u00e9j\u00e0 tous les deux v\u00e9cu de longues aventures avant que nous nous s\u00e9parions puis qu&#8217;ils r\u00e9int\u00e8grent ROZZ. Tous deux \u00e9taient d\u00e9j\u00e0 de notre vir\u00e9e espagnole avec BONFIRE il y a un an.<\/p>\n\n\n\n<p>Nos deux autres nouveaux camarades sont la formidable Lita \u00e0 la basse et aux ch\u0153urs, une pile atomique tant sur sc\u00e8ne que dans la vie et qui nous assoit une section rythmique de feu avec Stef; et Damien VAN ECKER, dit &#8220;Viniou&#8221;, mon coll\u00e8gue guitariste qui \u00e9tait avec nous d\u00e9j\u00e0 lors du festival d&#8217;octobre o\u00f9 nous avons retrouv\u00e9 \u00e0 Douai nos vieilles connaissances de DRAKKAR, ADX et VULCAIN.<br><br><em>Comme tu as d\u00e9j\u00e0 eu droit \u00e0 une de mes s\u00e9rie de questions tordues lors d&#8217;une pr\u00e9c\u00e9dente interview, je te refais la m\u00eame en changeant les personnages. Si tu devais faire du porte \u00e0 porte pour promouvoir le Luna Fest quels seraient tes arguments face aux trois personnes suivantes ?<\/em><\/p>\n\n\n\n<ul class=\"wp-block-list\">\n<li><em>Un \u00ab professionnel \u00bb de l&#8217;\u00e9v\u00e9nementiel dont le mur est tapiss\u00e9 de photo de toi d\u00e9chir\u00e9es, d\u00e9capit\u00e9, avec des moustaches dessin\u00e9es sur la guitare, portant un tee shirt \u00ab Wanted Marcel dead or not alive \u00bb et te regardant avec le regard de jack NICHOLSON dans SHINING :<\/em><\/li>\n<\/ul>\n\n\n\n<p>M\u00eame pas peur ! On rencontre tous d\u00e9j\u00e0 des milliers de gens de ce type quand on d\u00e9marche pour placer nos groupes respectifs. C&#8217;est quand tout baigne dans l&#8217;huile que je flippe.<\/p>\n\n\n\n<p><em>Un chanteur de vari\u00e9t\u00e9 rat\u00e9 press\u00e9 de finir sa valise pour se barrer avec la cagnotte ulule de son futur album imaginaire avant que ses souscripteurs ne d\u00e9couvrent l&#8217;arnaque.<\/em><\/p>\n\n\n\n<p>L\u00e0, c&#8217;est lui qui aurait peur que je vienne chercher le pognon : \u00e7a fait un an que j&#8217;annonce la sortie de notre prochain album de ROZZ et il n&#8217;est toujours pas fini d&#8217;enregistrer. Je crois que le mec m&#8217;ach\u00e8terait un billet rien que pour que je me barre &#8230;<\/p>\n\n\n\n<ul class=\"wp-block-list\">\n<li><em>Un d\u00e9put\u00e9 te demandant si tu n&#8217;aurais pas un emploi fictif pour sa cousine fan de bonne musique (elle \u00e0 vu 3 fois christophe MAE en live et est fan de ZAZ).<\/em><\/li>\n<\/ul>\n\n\n\n<p>\u00c7\u00e0 me g\u00eane que tu me demandes \u00e7\u00e0 car je bosse pour plusieurs parlementaires de ma famille : j&#8217;\u00e9cris toutes les musiques de leurs discours. C&#8217;est bien pay\u00e9 mais j&#8217;ai pas le droit de les appeler tonton.<\/p>\n\n\n\n<p><em>Merci Marcel, je te laisse conclure et te donne rendez vous au 22 avril.<br><\/em><br>Merci \u00e0 toi pour ton aide et ton travail. J&#8217;esp\u00e8re voir \u00e0 Maubeuge beaucoup d&#8217;amoureux du Hard Rock et de spectacle vivant en g\u00e9n\u00e9ral,&nbsp; car un bon concert est toujours un moment particulier et agr\u00e9able.&nbsp; Nous pr\u00e9parons tout pour que ce festival soit beau, r\u00e9ussi et chaleureux. Venez nous aider \u00e0 le rendre encore plus vivant !<\/p>\n","protected":false},"excerpt":{"rendered":"<p>Bonjour Marcel, nous sommes \u00e0 une semaine du LUNA FEST \u2026 peux tu nous pr\u00e9senter cet \u00e9v\u00e8nement ? Son cadre ? Quelle est la g\u00e9n\u00e8se de ce festival ? S&#8217;inscrit-il dans la lign\u00e9e du Nord Festival de 2010 ? Bonjour. Le HARD ROCK LUNA FEST est un festival en salle d&#8217;une journ\u00e9e (samedi 22 avril), &hellip; <a href=\"https:\/\/troyanforge.com\/index.php\/2017\/04\/10\/17-avril-2017-marcel-ximenes-de-rozz\/\" class=\"more-link\">Continue reading <span class=\"screen-reader-text\">17 avril 2017 &#8211; Marcel XIMENES de ROZZ<\/span> <span class=\"meta-nav\">&rarr;<\/span><\/a><\/p>\n","protected":false},"author":1,"featured_media":198,"comment_status":"closed","ping_status":"","sticky":false,"template":"","format":"standard","meta":{"_uag_custom_page_level_css":"","footnotes":""},"categories":[66],"tags":[136,134,75,83,140,139,37,133,138,135],"class_list":["post-1538","post","type-post","status-publish","format-standard","has-post-thumbnail","hentry","category-interviews","tag-bonfire","tag-cage","tag-hard-rock","tag-heavy-metal","tag-la-luna","tag-maubeuge","tag-ocean","tag-rozz","tag-seven-thirty","tag-voltrage"],"uagb_featured_image_src":{"full":["https:\/\/troyanforge.com\/wp-content\/uploads\/2024\/08\/affiche-lunafest-maubeuge.jpg",679,960,false],"thumbnail":["https:\/\/troyanforge.com\/wp-content\/uploads\/2024\/08\/affiche-lunafest-maubeuge-150x150.jpg",150,150,true],"medium":["https:\/\/troyanforge.com\/wp-content\/uploads\/2024\/08\/affiche-lunafest-maubeuge-212x300.jpg",212,300,true],"medium_large":["https:\/\/troyanforge.com\/wp-content\/uploads\/2024\/08\/affiche-lunafest-maubeuge.jpg",679,960,false],"large":["https:\/\/troyanforge.com\/wp-content\/uploads\/2024\/08\/affiche-lunafest-maubeuge.jpg",679,960,false],"1536x1536":["https:\/\/troyanforge.com\/wp-content\/uploads\/2024\/08\/affiche-lunafest-maubeuge.jpg",679,960,false],"2048x2048":["https:\/\/troyanforge.com\/wp-content\/uploads\/2024\/08\/affiche-lunafest-maubeuge.jpg",679,960,false],"lodestar-featured-image":["https:\/\/troyanforge.com\/wp-content\/uploads\/2024\/08\/affiche-lunafest-maubeuge.jpg",679,960,false],"lodestar-featured-archive-image":["https:\/\/troyanforge.com\/wp-content\/uploads\/2024\/08\/affiche-lunafest-maubeuge.jpg",679,960,false],"lodestar-portfolio-image":["https:\/\/troyanforge.com\/wp-content\/uploads\/2024\/08\/affiche-lunafest-maubeuge.jpg",679,960,false],"lodestar-portfolio-archive-image":["https:\/\/troyanforge.com\/wp-content\/uploads\/2024\/08\/affiche-lunafest-maubeuge-679x600.jpg",679,600,true],"lodestar-thumbnail-avatar":["https:\/\/troyanforge.com\/wp-content\/uploads\/2024\/08\/affiche-lunafest-maubeuge-100x100.jpg",100,100,true],"lodestar-logo":["https:\/\/troyanforge.com\/wp-content\/uploads\/2024\/08\/affiche-lunafest-maubeuge-283x400.jpg",283,400,true]},"uagb_author_info":{"display_name":"Gilles de Troy","author_link":"https:\/\/troyanforge.com\/index.php\/author\/admin9234\/"},"uagb_comment_info":0,"uagb_excerpt":"Bonjour Marcel, nous sommes \u00e0 une semaine du LUNA FEST \u2026 peux tu nous pr\u00e9senter cet \u00e9v\u00e8nement ? Son cadre ? Quelle est la g\u00e9n\u00e8se de ce festival ? S&#8217;inscrit-il dans la lign\u00e9e du Nord Festival de 2010 ? Bonjour. Le HARD ROCK LUNA FEST est un festival en salle d&#8217;une journ\u00e9e (samedi 22 avril),&hellip;","_links":{"self":[{"href":"https:\/\/troyanforge.com\/index.php\/wp-json\/wp\/v2\/posts\/1538","targetHints":{"allow":["GET"]}}],"collection":[{"href":"https:\/\/troyanforge.com\/index.php\/wp-json\/wp\/v2\/posts"}],"about":[{"href":"https:\/\/troyanforge.com\/index.php\/wp-json\/wp\/v2\/types\/post"}],"author":[{"embeddable":true,"href":"https:\/\/troyanforge.com\/index.php\/wp-json\/wp\/v2\/users\/1"}],"replies":[{"embeddable":true,"href":"https:\/\/troyanforge.com\/index.php\/wp-json\/wp\/v2\/comments?post=1538"}],"version-history":[{"count":1,"href":"https:\/\/troyanforge.com\/index.php\/wp-json\/wp\/v2\/posts\/1538\/revisions"}],"predecessor-version":[{"id":1539,"href":"https:\/\/troyanforge.com\/index.php\/wp-json\/wp\/v2\/posts\/1538\/revisions\/1539"}],"wp:featuredmedia":[{"embeddable":true,"href":"https:\/\/troyanforge.com\/index.php\/wp-json\/wp\/v2\/media\/198"}],"wp:attachment":[{"href":"https:\/\/troyanforge.com\/index.php\/wp-json\/wp\/v2\/media?parent=1538"}],"wp:term":[{"taxonomy":"category","embeddable":true,"href":"https:\/\/troyanforge.com\/index.php\/wp-json\/wp\/v2\/categories?post=1538"},{"taxonomy":"post_tag","embeddable":true,"href":"https:\/\/troyanforge.com\/index.php\/wp-json\/wp\/v2\/tags?post=1538"}],"curies":[{"name":"wp","href":"https:\/\/api.w.org\/{rel}","templated":true}]}}